{"id":672,"date":"2018-08-21T19:50:00","date_gmt":"2018-08-21T19:50:00","guid":{"rendered":"https:\/\/www.lanz-berlin.de\/?p=672"},"modified":"2022-04-29T18:11:33","modified_gmt":"2022-04-29T18:11:33","slug":"erlaubte-satire-sixt-darf-mit-weselsky-werben","status":"publish","type":"post","link":"https:\/\/www.lanz-berlin.de\/de\/aktuelles-ratgeber\/erlaubte-satire-sixt-darf-mit-weselsky-werben\/","title":{"rendered":"Erlaubte Satire: Sixt darf mit Weselsky werben"},"content":{"rendered":"\n<div class=\"wp-block-columns is-layout-flex wp-container-core-columns-is-layout-9d6595d7 wp-block-columns-is-layout-flex\">\n<div class=\"wp-block-column is-layout-flow wp-block-column-is-layout-flow\" style=\"flex-basis:70%\">\n<p><meta charset=\"utf-8\">OLG Dresden, Urteil vom 21.08.2018, AZ: 4 U 1822\/18<br><br><strong>Autovermieter Sixt darf Claus Weselsky<\/strong>, den Bundervorsitzenden der Gewerkschaft Deutscher Lokomotivf\u00fchrer,\u00a0<strong>f\u00fcr satirische Werbung nutzen<\/strong>. So entschied diesen Sommer das Oberlandesgericht Dresden.<\/p>\n\n\n\n<p>Sixt fiel in der Vergangenheit schon des \u00d6fteren durch sp\u00f6ttische (und lustige) Werbung mit Prominenten auf. In den Jahren 2014 und 2015 hatte es den Gewerkschaftsf\u00fchrer Claus Weselsky getroffen: W\u00e4hrend der Lokf\u00fchrerstreiks warb Sixt mit Portraitfotos von Weselsky mit der Unterschrift \u201eUnser Mitarbeiter des Monats\u201c. Der Gewerkschaftsf\u00fchrer erhob Klage gegen Sixt, die nun abgewiesen wurde.<\/p>\n\n\n\n<p>Das Gericht sah weder eine Pers\u00f6nlichkeits- noch eine Namensrechtsverletzung gegeben. Denn das\u00a0<strong>Recht von Sixt auf Meinungsfreiheit \u00fcberwiegt gegen\u00fcber dem Pers\u00f6nlichkeitsrecht des Gewerkschafters<\/strong>, so das Gericht. Der\u00a0<strong>Werbewert des Gewerkschafters wurde hier gerade nicht ausschlie\u00dflich f\u00fcr kommerzielle Zwecke ausgenutzt<\/strong>.<\/p>\n\n\n\n<p>Als entscheidend sah das Gericht den wertenden, meinungsbildenden Inhalt der Werbung an. Die Werbung habe f\u00fcr den Gewerkschafter\u00a0<strong>keinen herabsetzenden oder negativen Inhalt gehabt, der \u00fcber den bundesweit bekannten Bahnstreik hinausgeht<\/strong>.<\/p>\n\n\n\n<p><strong>Fazit<\/strong>: Mit Prominenten darf geworben werden, wenn die Werbung ausreichend satirisch (und verh\u00e4ltnism\u00e4\u00dfig) ist.<\/p>\n\n\n\n<p>Autorin: Rechtsanw\u00e4ltin Dr. Brigitte Lanz, LL.M.<\/p>\n<\/div>\n<\/div>\n","protected":false},"excerpt":{"rendered":"<p>OLG Dresden, Urteil vom 21.08.2018, AZ: 4 U 1822\/18 Autovermieter Sixt darf Claus Weselsky, den Bundervorsitzenden der Gewerkschaft Deutscher Lokomotivf\u00fchrer,\u00a0f\u00fcr satirische Werbung nutzen. So entschied diesen Sommer das Oberlandesgericht Dresden. Sixt fiel in der Vergangenheit schon des \u00d6fteren durch sp\u00f6ttische (und lustige) Werbung mit Prominenten auf. In den Jahren 2014 und 2015 hatte es den &#8230; <a title=\"Erlaubte Satire: Sixt darf mit Weselsky werben\" class=\"read-more\" href=\"https:\/\/www.lanz-berlin.de\/de\/aktuelles-ratgeber\/erlaubte-satire-sixt-darf-mit-weselsky-werben\/\" aria-label=\"Mehr zu Erlaubte Satire: Sixt darf mit Weselsky werben\">Weiterlesen &#8230;<\/a><\/p>\n","protected":false},"author":1,"featured_media":0,"comment_status":"closed","ping_status":"closed","sticky":false,"template":"","format":"standard","meta":{"footnotes":""},"categories":[3],"tags":[],"class_list":["post-672","post","type-post","status-publish","format-standard","hentry","category-aktuelles-ratgeber","infinite-scroll-item","generate-columns","tablet-grid-50","mobile-grid-100","grid-parent","grid-50"],"_links":{"self":[{"href":"https:\/\/www.lanz-berlin.de\/de\/wp-json\/wp\/v2\/posts\/672","targetHints":{"allow":["GET"]}}],"collection":[{"href":"https:\/\/www.lanz-berlin.de\/de\/wp-json\/wp\/v2\/posts"}],"about":[{"href":"https:\/\/www.lanz-berlin.de\/de\/wp-json\/wp\/v2\/types\/post"}],"author":[{"embeddable":true,"href":"https:\/\/www.lanz-berlin.de\/de\/wp-json\/wp\/v2\/users\/1"}],"replies":[{"embeddable":true,"href":"https:\/\/www.lanz-berlin.de\/de\/wp-json\/wp\/v2\/comments?post=672"}],"version-history":[{"count":5,"href":"https:\/\/www.lanz-berlin.de\/de\/wp-json\/wp\/v2\/posts\/672\/revisions"}],"predecessor-version":[{"id":1815,"href":"https:\/\/www.lanz-berlin.de\/de\/wp-json\/wp\/v2\/posts\/672\/revisions\/1815"}],"wp:attachment":[{"href":"https:\/\/www.lanz-berlin.de\/de\/wp-json\/wp\/v2\/media?parent=672"}],"wp:term":[{"taxonomy":"category","embeddable":true,"href":"https:\/\/www.lanz-berlin.de\/de\/wp-json\/wp\/v2\/categories?post=672"},{"taxonomy":"post_tag","embeddable":true,"href":"https:\/\/www.lanz-berlin.de\/de\/wp-json\/wp\/v2\/tags?post=672"}],"curies":[{"name":"wp","href":"https:\/\/api.w.org\/{rel}","templated":true}]}}